{"id":292,"date":"2015-11-20T09:32:22","date_gmt":"2015-11-20T07:32:22","guid":{"rendered":"http:\/\/pfadfinder-dietzenbach.de\/?p=292"},"modified":"2015-11-20T09:47:07","modified_gmt":"2015-11-20T07:47:07","slug":"stammeslager-2016-in-schweden-jetzt-voranmelden","status":"publish","type":"post","link":"http:\/\/pfadfinder-dietzenbach.de\/?p=292","title":{"rendered":"Stammeslager 2016 in Schweden &#8211; Jetzt voranmelden"},"content":{"rendered":"<p>Hallo allerseits,<\/p>\n<p>wie einige bestimmt schon geh&ouml;rt haben geht unser Stammeslager 2016 nach Schweden!!!<br>\nDa ein so weit entferntes Lager schwer zu planen ist ben&ouml;tigen wir m&ouml;glichst fr&uuml;h von euch die Angabe, ob ihr mitkommt!<br>\nDazu haben wir eine Voranmeldung erstellt:<\/p>\n<p><a href=\"http:\/\/pfadfinder-dietzenbach.de\/wp-content\/uploads\/2014\/08\/Voranmeldung-Schweden-2016.pdf\">Voranmeldung Schweden 2016<\/a><\/p>\n<p>Bitte f&uuml;llt diese so bald wie m&ouml;glich aus und bringt diese eurem Gruppenleiter mit.<br>\nAm besten w&auml;re es nat&uuml;rlich ihr kommt zum Fotoabend und habt sie da schon ausgef&uuml;llt dabei.<\/p>\n<p>Ein sch&ouml;nes Wochenende euch allen!<\/p>\n","protected":false},"excerpt":{"rendered":"<p>Hallo allerseits, wie einige bestimmt schon geh\u00f6rt haben geht unser Stammeslager 2016 nach Schweden!!! Da ein so weit entferntes Lager schwer zu planen ist ben\u00f6tigen wir m\u00f6glichst fr\u00fch von euch die Angabe, ob ihr mitkommt! Dazu haben wir eine Voranmeldung erstellt: Voranmeldung Schweden 2016 Bitte f\u00fcllt diese so bald wie m\u00f6glich aus und bringt diese&#8230;<\/p>\n","protected":false},"author":1,"featured_media":293,"comment_status":"open","ping_status":"open","sticky":false,"template":"","format":"standard","meta":{"footnotes":""},"categories":[1],"tags":[],"class_list":["post-292","post","type-post","status-publish","format-standard","has-post-thumbnail","hentry","category-news"],"_links":{"self":[{"href":"http:\/\/pfadfinder-dietzenbach.de\/index.php?rest_route=\/wp\/v2\/posts\/292","targetHints":{"allow":["GET"]}}],"collection":[{"href":"http:\/\/pfadfinder-dietzenbach.de\/index.php?rest_route=\/wp\/v2\/posts"}],"about":[{"href":"http:\/\/pfadfinder-dietzenbach.de\/index.php?rest_route=\/wp\/v2\/types\/post"}],"author":[{"embeddable":true,"href":"http:\/\/pfadfinder-dietzenbach.de\/index.php?rest_route=\/wp\/v2\/users\/1"}],"replies":[{"embeddable":true,"href":"http:\/\/pfadfinder-dietzenbach.de\/index.php?rest_route=%2Fwp%2Fv2%2Fcomments&post=292"}],"version-history":[{"count":1,"href":"http:\/\/pfadfinder-dietzenbach.de\/index.php?rest_route=\/wp\/v2\/posts\/292\/revisions"}],"predecessor-version":[{"id":294,"href":"http:\/\/pfadfinder-dietzenbach.de\/index.php?rest_route=\/wp\/v2\/posts\/292\/revisions\/294"}],"wp:featuredmedia":[{"embeddable":true,"href":"http:\/\/pfadfinder-dietzenbach.de\/index.php?rest_route=\/wp\/v2\/media\/293"}],"wp:attachment":[{"href":"http:\/\/pfadfinder-dietzenbach.de\/index.php?rest_route=%2Fwp%2Fv2%2Fmedia&parent=292"}],"wp:term":[{"taxonomy":"category","embeddable":true,"href":"http:\/\/pfadfinder-dietzenbach.de\/index.php?rest_route=%2Fwp%2Fv2%2Fcategories&post=292"},{"taxonomy":"post_tag","embeddable":true,"href":"http:\/\/pfadfinder-dietzenbach.de\/index.php?rest_route=%2Fwp%2Fv2%2Ftags&post=292"}],"curies":[{"name":"wp","href":"https:\/\/api.w.org\/{rel}","templated":true}]}}