{"id":358,"date":"2016-02-23T10:38:54","date_gmt":"2016-02-23T08:38:54","guid":{"rendered":"http:\/\/pfadfinder-dietzenbach.de\/?p=358"},"modified":"2016-02-23T10:38:54","modified_gmt":"2016-02-23T08:38:54","slug":"einladung-zu-stammesvollversammlung","status":"publish","type":"post","link":"http:\/\/pfadfinder-dietzenbach.de\/?p=358","title":{"rendered":"Einladung zu Stammesvollversammlung"},"content":{"rendered":"<p>Liebe Pfadfinder,<br>\nliebe Eltern,<\/p>\n<p>Wir m&ouml;chten Sie hiermit nochmal an die Stammesvollversammlung<br>\n<strong>am Sonntag, 28. Februar 2016 um 15.00 Uhr<\/strong><br>\nim Gro&szlig;en Saal des Gemeindezentrums St. Martin, Offenbacher Stra&szlig;e 5.<br>\nerinnern.<\/p>\n<p>Au&szlig;erdem m&ouml;chten wir Sie &uuml;ber eine Erg&auml;nzung in der Tagesordnung vom 14.01.2016 hinweisen.<br>\nDieses Jahr wird es eine Stammesvorstandswahl geben, bei der durch die Vertreter der einzelnen Gruppen ein neuer Vorstand f&uuml;r unseren Stamm bestimmt wird. Ansonsten &auml;ndert sich der Ablauf aber nicht:<\/p>\n<ol>\n<li><em>R&uuml;ckblick auf Stammes- und Gruppenaktivit&auml;ten 2015<\/em><\/li>\n<li><em>Ausblick auf 2016<\/em><\/li>\n<li><em>Stammeslager 2016<\/em><\/li>\n<li><em>Stamm St. Martin als Verein<\/em><\/li>\n<li><em>Wahl des Stammesvorstandes durch die Stammesversammlung<\/em><\/li>\n<li><em>Sonstiges<\/em><\/li>\n<\/ol>\n<p>Nach unserem Programm besteht nat&uuml;rlich auch die M&ouml;glichkeit Ihre und Eure Ideen, Probleme und<br>\nAnregungen einzubringen.<\/p>\n<p>Wir freuen uns auf Sie und Euch und hoffen auf zahlreiches Erscheinen,<\/p>\n<p>die Leiterrunde<br>\nStamm St. Martin &ndash; Dietzenbach Dietzenbach<\/p>\n","protected":false},"excerpt":{"rendered":"<p>Liebe Pfadfinder, liebe Eltern, Wir m\u00f6chten Sie hiermit nochmal an die Stammesvollversammlung am Sonntag, 28. Februar 2016 um 15.00 Uhr im Gro\u00dfen Saal des Gemeindezentrums St. Martin, Offenbacher Stra\u00dfe 5. erinnern. Au\u00dferdem m\u00f6chten wir Sie \u00fcber eine Erg\u00e4nzung in der Tagesordnung vom 14.01.2016 hinweisen. Dieses Jahr wird es eine Stammesvorstandswahl geben, bei der durch die&#8230;<\/p>\n","protected":false},"author":1,"featured_media":360,"comment_status":"open","ping_status":"open","sticky":false,"template":"","format":"standard","meta":{"footnotes":""},"categories":[1],"tags":[],"class_list":["post-358","post","type-post","status-publish","format-standard","has-post-thumbnail","hentry","category-news"],"_links":{"self":[{"href":"http:\/\/pfadfinder-dietzenbach.de\/index.php?rest_route=\/wp\/v2\/posts\/358","targetHints":{"allow":["GET"]}}],"collection":[{"href":"http:\/\/pfadfinder-dietzenbach.de\/index.php?rest_route=\/wp\/v2\/posts"}],"about":[{"href":"http:\/\/pfadfinder-dietzenbach.de\/index.php?rest_route=\/wp\/v2\/types\/post"}],"author":[{"embeddable":true,"href":"http:\/\/pfadfinder-dietzenbach.de\/index.php?rest_route=\/wp\/v2\/users\/1"}],"replies":[{"embeddable":true,"href":"http:\/\/pfadfinder-dietzenbach.de\/index.php?rest_route=%2Fwp%2Fv2%2Fcomments&post=358"}],"version-history":[{"count":1,"href":"http:\/\/pfadfinder-dietzenbach.de\/index.php?rest_route=\/wp\/v2\/posts\/358\/revisions"}],"predecessor-version":[{"id":361,"href":"http:\/\/pfadfinder-dietzenbach.de\/index.php?rest_route=\/wp\/v2\/posts\/358\/revisions\/361"}],"wp:featuredmedia":[{"embeddable":true,"href":"http:\/\/pfadfinder-dietzenbach.de\/index.php?rest_route=\/wp\/v2\/media\/360"}],"wp:attachment":[{"href":"http:\/\/pfadfinder-dietzenbach.de\/index.php?rest_route=%2Fwp%2Fv2%2Fmedia&parent=358"}],"wp:term":[{"taxonomy":"category","embeddable":true,"href":"http:\/\/pfadfinder-dietzenbach.de\/index.php?rest_route=%2Fwp%2Fv2%2Fcategories&post=358"},{"taxonomy":"post_tag","embeddable":true,"href":"http:\/\/pfadfinder-dietzenbach.de\/index.php?rest_route=%2Fwp%2Fv2%2Ftags&post=358"}],"curies":[{"name":"wp","href":"https:\/\/api.w.org\/{rel}","templated":true}]}}