{"id":364,"date":"2016-03-03T20:22:58","date_gmt":"2016-03-03T18:22:58","guid":{"rendered":"http:\/\/pfadfinder-dietzenbach.de\/?p=364"},"modified":"2016-03-03T20:23:23","modified_gmt":"2016-03-03T18:23:23","slug":"stammesjubilaeum-wir-werden-30","status":"publish","type":"post","link":"http:\/\/pfadfinder-dietzenbach.de\/?p=364","title":{"rendered":"Stammesjubil\u00e4um &#8211; Wir werden 30"},"content":{"rendered":"<p>Wie euch allen ja sicher bekannt ist werden wir dieses Jahr 30 Jahre jung.<br>\nWie sich das geh&ouml;rt wollen wir das kr&auml;ftig feiern und laden euch dazu ein!!<br>\nMerkt euch daher schonmal das erste Oktoberwochenende.<\/p>\n<p>F&uuml;r Ideen und Anregungen sind wir nat&uuml;rlich offen.<br>\nEbenso suchen wir zur Zeit noch nach <strong>Sponsoren f&uuml;r Sweatshirts und einer Band.<\/strong><\/p>\n<p>Solltet ihr dazu irgendwelche Ideen haben meldet euch bei<br>\nFelix: <a href=\"mailto:info@pfadfinder-dietzenbach.de\">info@pfadfinder-dietzenbach.de<\/a><\/p>\n","protected":false},"excerpt":{"rendered":"<p>Wie euch allen ja sicher bekannt ist werden wir dieses Jahr 30 Jahre jung. Wie sich das geh\u00f6rt wollen wir das kr\u00e4ftig feiern und laden euch dazu ein!! Merkt euch daher schonmal das erste Oktoberwochenende. F\u00fcr Ideen und Anregungen sind wir nat\u00fcrlich offen. Ebenso suchen wir zur Zeit noch nach Sponsoren f\u00fcr Sweatshirts und einer&#8230;<\/p>\n","protected":false},"author":1,"featured_media":365,"comment_status":"open","ping_status":"open","sticky":false,"template":"","format":"standard","meta":{"footnotes":""},"categories":[1],"tags":[],"class_list":["post-364","post","type-post","status-publish","format-standard","has-post-thumbnail","hentry","category-news"],"_links":{"self":[{"href":"http:\/\/pfadfinder-dietzenbach.de\/index.php?rest_route=\/wp\/v2\/posts\/364","targetHints":{"allow":["GET"]}}],"collection":[{"href":"http:\/\/pfadfinder-dietzenbach.de\/index.php?rest_route=\/wp\/v2\/posts"}],"about":[{"href":"http:\/\/pfadfinder-dietzenbach.de\/index.php?rest_route=\/wp\/v2\/types\/post"}],"author":[{"embeddable":true,"href":"http:\/\/pfadfinder-dietzenbach.de\/index.php?rest_route=\/wp\/v2\/users\/1"}],"replies":[{"embeddable":true,"href":"http:\/\/pfadfinder-dietzenbach.de\/index.php?rest_route=%2Fwp%2Fv2%2Fcomments&post=364"}],"version-history":[{"count":2,"href":"http:\/\/pfadfinder-dietzenbach.de\/index.php?rest_route=\/wp\/v2\/posts\/364\/revisions"}],"predecessor-version":[{"id":367,"href":"http:\/\/pfadfinder-dietzenbach.de\/index.php?rest_route=\/wp\/v2\/posts\/364\/revisions\/367"}],"wp:featuredmedia":[{"embeddable":true,"href":"http:\/\/pfadfinder-dietzenbach.de\/index.php?rest_route=\/wp\/v2\/media\/365"}],"wp:attachment":[{"href":"http:\/\/pfadfinder-dietzenbach.de\/index.php?rest_route=%2Fwp%2Fv2%2Fmedia&parent=364"}],"wp:term":[{"taxonomy":"category","embeddable":true,"href":"http:\/\/pfadfinder-dietzenbach.de\/index.php?rest_route=%2Fwp%2Fv2%2Fcategories&post=364"},{"taxonomy":"post_tag","embeddable":true,"href":"http:\/\/pfadfinder-dietzenbach.de\/index.php?rest_route=%2Fwp%2Fv2%2Ftags&post=364"}],"curies":[{"name":"wp","href":"https:\/\/api.w.org\/{rel}","templated":true}]}}