{"id":448,"date":"2017-09-28T10:42:07","date_gmt":"2017-09-28T08:42:07","guid":{"rendered":"http:\/\/pfadfinder-dietzenbach.de\/?p=448"},"modified":"2017-09-28T10:42:07","modified_gmt":"2017-09-28T08:42:07","slug":"stammeslager-2017-in-kolbermoor","status":"publish","type":"post","link":"http:\/\/pfadfinder-dietzenbach.de\/?p=448","title":{"rendered":"Stammeslager 2017 in Kolbermoor"},"content":{"rendered":"<p>Wie jedes Jahr haben wir uns auch dieses Jahr aufgemacht zwei Wochen drau&szlig;en zu sein, in Zelten zu schlafen, zu rennen, zu schwimmen und zu klettern. Los ging es am Samstag, den 28.07. nach Kolbermoor. Einen Tag nach der Ankunft mussten schon alle ihre Rucks&auml;cke schultern f&uuml;r den 3-Tages-Haijk, der sie &uuml;ber Berge und an Seen f&uuml;hren w&uuml;rde. Zur&uuml;ck am Platz haben alle gelernt wie man Messer sch&auml;rft, Knoten und Feuer macht. Auch im Kerzen gie&szlig;en und Batiken konnte sich jeder ausprobieren. Gegen die gro&szlig;e Hitze haben wir uns einen Pool aus Biertischen und Teichfolie gebaut. Auch Bannerdiebe kamen, nat&uuml;rlich haben wir das Banner gut verteidigt und es uns nicht klauen lassen. In der zweiten Woche hat uns Pfarrer Barton besucht und zum Gottesdienst im Zelt eingeladen. Ebenso gab es einen ganzen Tag voller Pfadfindertechniken in der Praxis und Theorie. Die abends immer wieder aufziehenden starken Gewitter haben wir alle gut &uuml;berstanden. N&auml;chstes Jahr geht&rsquo;s an die Ostsee in die N&auml;he von Kiel.<br>\nAls n&auml;chste Aktion dieses Jahr steht der Weihnachtsmarkt mit der Gemeinde an, wo wir uns nat&uuml;rlich noch &uuml;ber weitere tatkr&auml;ftige Unterst&uuml;tzung freuen.<br>\nWer Lust hat auch Pfadfinder zu werden kann gerne in einer der Gruppenstunden vorbeischauen, wir w&uuml;rden uns freuen.<\/p>\n","protected":false},"excerpt":{"rendered":"<p>Wie jedes Jahr haben wir uns auch dieses Jahr aufgemacht zwei Wochen drau\u00dfen zu sein, in Zelten zu schlafen, zu rennen, zu schwimmen und zu klettern. Los ging es am Samstag, den 28.07. nach Kolbermoor. Einen Tag nach der Ankunft mussten schon alle ihre Rucks\u00e4cke schultern f\u00fcr den 3-Tages-Haijk, der sie \u00fcber Berge und an&#8230;<\/p>\n","protected":false},"author":1,"featured_media":449,"comment_status":"open","ping_status":"open","sticky":false,"template":"","format":"standard","meta":{"footnotes":""},"categories":[1],"tags":[],"class_list":["post-448","post","type-post","status-publish","format-standard","has-post-thumbnail","hentry","category-news"],"_links":{"self":[{"href":"http:\/\/pfadfinder-dietzenbach.de\/index.php?rest_route=\/wp\/v2\/posts\/448","targetHints":{"allow":["GET"]}}],"collection":[{"href":"http:\/\/pfadfinder-dietzenbach.de\/index.php?rest_route=\/wp\/v2\/posts"}],"about":[{"href":"http:\/\/pfadfinder-dietzenbach.de\/index.php?rest_route=\/wp\/v2\/types\/post"}],"author":[{"embeddable":true,"href":"http:\/\/pfadfinder-dietzenbach.de\/index.php?rest_route=\/wp\/v2\/users\/1"}],"replies":[{"embeddable":true,"href":"http:\/\/pfadfinder-dietzenbach.de\/index.php?rest_route=%2Fwp%2Fv2%2Fcomments&post=448"}],"version-history":[{"count":1,"href":"http:\/\/pfadfinder-dietzenbach.de\/index.php?rest_route=\/wp\/v2\/posts\/448\/revisions"}],"predecessor-version":[{"id":450,"href":"http:\/\/pfadfinder-dietzenbach.de\/index.php?rest_route=\/wp\/v2\/posts\/448\/revisions\/450"}],"wp:featuredmedia":[{"embeddable":true,"href":"http:\/\/pfadfinder-dietzenbach.de\/index.php?rest_route=\/wp\/v2\/media\/449"}],"wp:attachment":[{"href":"http:\/\/pfadfinder-dietzenbach.de\/index.php?rest_route=%2Fwp%2Fv2%2Fmedia&parent=448"}],"wp:term":[{"taxonomy":"category","embeddable":true,"href":"http:\/\/pfadfinder-dietzenbach.de\/index.php?rest_route=%2Fwp%2Fv2%2Fcategories&post=448"},{"taxonomy":"post_tag","embeddable":true,"href":"http:\/\/pfadfinder-dietzenbach.de\/index.php?rest_route=%2Fwp%2Fv2%2Ftags&post=448"}],"curies":[{"name":"wp","href":"https:\/\/api.w.org\/{rel}","templated":true}]}}