{"id":506,"date":"2018-08-08T13:53:35","date_gmt":"2018-08-08T11:53:35","guid":{"rendered":"http:\/\/pfadfinder-dietzenbach.de\/?p=506"},"modified":"2018-08-08T13:53:35","modified_gmt":"2018-08-08T11:53:35","slug":"stammeslager-an-der-kueste","status":"publish","type":"post","link":"http:\/\/pfadfinder-dietzenbach.de\/?p=506","title":{"rendered":"Stammeslager an der K\u00fcste"},"content":{"rendered":"<p>Wir waren zwei Wochen auf Stammeslager im schleswig-holsteinischen Schwedeneck an der Ostseek&uuml;ste. Bei sonnig-hei&szlig;em Wetter standen unter anderem Wanderungen, &Uuml;bernachtungen am Strand und ein Besuch in Laboe auf dem Programm.<br>\nAuch Strandtage kamen nat&uuml;rlich nicht zu kurz. Schnell war aus Zeltbahnen und Seitenstangen ein Sonnensegel gebaut. Die Pfadfinderstufe plante eine lustige Wasserolympiade, die zuerst auf dem Platz, dann am Meer stattfand. Die Gruppenleiter bereiteten f&uuml;r den Abschlussabend eine Piraten-Schatzsuche am Strand vor, was besonders den Kleinen begeisterte.<br>\nWir freuen uns schon auf n&auml;chstes Jahr!<\/p>\n<p>Du hast Interesse an den Pfadfindern? Dann komm zu unserem Fotosabend des Stammeslagers im Pfarrheim (Offenbacher Str. 5, 63128 Dietzenbach) am 6. September 2018, 19 Uhr!<br>\nHier stehen die Gruppenleiter gerne f&uuml;r Fragen zur Verf&uuml;gung. Au&szlig;erdem sind wir zu unseren Gruppenstundenzeiten, donnerstags ab 17.30 Uhr an der Gemeinde erreichbar.<\/p>\n<p><a href=\"http:\/\/pfadfinder-dietzenbach.de\/wp-content\/uploads\/2018\/08\/IMG-20180802-WA0078.jpg\"><img loading=\"lazy\" decoding=\"async\" class=\"alignnone size-large wp-image-505\" src=\"http:\/\/pfadfinder-dietzenbach.de\/wp-content\/uploads\/2018\/08\/IMG-20180802-WA0078-1024x576.jpg\" alt=\"\" width=\"1024\" height=\"576\" srcset=\"http:\/\/pfadfinder-dietzenbach.de\/wp-content\/uploads\/2018\/08\/IMG-20180802-WA0078-1024x576.jpg 1024w, http:\/\/pfadfinder-dietzenbach.de\/wp-content\/uploads\/2018\/08\/IMG-20180802-WA0078-300x169.jpg 300w, http:\/\/pfadfinder-dietzenbach.de\/wp-content\/uploads\/2018\/08\/IMG-20180802-WA0078-768x432.jpg 768w, http:\/\/pfadfinder-dietzenbach.de\/wp-content\/uploads\/2018\/08\/IMG-20180802-WA0078-750x422.jpg 750w, http:\/\/pfadfinder-dietzenbach.de\/wp-content\/uploads\/2018\/08\/IMG-20180802-WA0078.jpg 1599w\" sizes=\"auto, (max-width: 1024px) 100vw, 1024px\"><\/a><\/p>\n","protected":false},"excerpt":{"rendered":"<p>Wir waren zwei Wochen auf Stammeslager im schleswig-holsteinischen Schwedeneck an der Ostseek\u00fcste. Bei sonnig-hei\u00dfem Wetter standen unter anderem Wanderungen, \u00dcbernachtungen am Strand und ein Besuch in Laboe auf dem Programm. Auch Strandtage kamen nat\u00fcrlich nicht zu kurz. Schnell war aus Zeltbahnen und Seitenstangen ein Sonnensegel gebaut. Die Pfadfinderstufe plante eine lustige Wasserolympiade, die zuerst auf&#8230;<\/p>\n","protected":false},"author":1,"featured_media":504,"comment_status":"open","ping_status":"open","sticky":false,"template":"","format":"standard","meta":{"footnotes":""},"categories":[1],"tags":[],"class_list":["post-506","post","type-post","status-publish","format-standard","has-post-thumbnail","hentry","category-news"],"_links":{"self":[{"href":"http:\/\/pfadfinder-dietzenbach.de\/index.php?rest_route=\/wp\/v2\/posts\/506","targetHints":{"allow":["GET"]}}],"collection":[{"href":"http:\/\/pfadfinder-dietzenbach.de\/index.php?rest_route=\/wp\/v2\/posts"}],"about":[{"href":"http:\/\/pfadfinder-dietzenbach.de\/index.php?rest_route=\/wp\/v2\/types\/post"}],"author":[{"embeddable":true,"href":"http:\/\/pfadfinder-dietzenbach.de\/index.php?rest_route=\/wp\/v2\/users\/1"}],"replies":[{"embeddable":true,"href":"http:\/\/pfadfinder-dietzenbach.de\/index.php?rest_route=%2Fwp%2Fv2%2Fcomments&post=506"}],"version-history":[{"count":1,"href":"http:\/\/pfadfinder-dietzenbach.de\/index.php?rest_route=\/wp\/v2\/posts\/506\/revisions"}],"predecessor-version":[{"id":507,"href":"http:\/\/pfadfinder-dietzenbach.de\/index.php?rest_route=\/wp\/v2\/posts\/506\/revisions\/507"}],"wp:featuredmedia":[{"embeddable":true,"href":"http:\/\/pfadfinder-dietzenbach.de\/index.php?rest_route=\/wp\/v2\/media\/504"}],"wp:attachment":[{"href":"http:\/\/pfadfinder-dietzenbach.de\/index.php?rest_route=%2Fwp%2Fv2%2Fmedia&parent=506"}],"wp:term":[{"taxonomy":"category","embeddable":true,"href":"http:\/\/pfadfinder-dietzenbach.de\/index.php?rest_route=%2Fwp%2Fv2%2Fcategories&post=506"},{"taxonomy":"post_tag","embeddable":true,"href":"http:\/\/pfadfinder-dietzenbach.de\/index.php?rest_route=%2Fwp%2Fv2%2Ftags&post=506"}],"curies":[{"name":"wp","href":"https:\/\/api.w.org\/{rel}","templated":true}]}}