{"id":591,"date":"2019-11-18T11:58:57","date_gmt":"2019-11-18T09:58:57","guid":{"rendered":"http:\/\/pfadfinder-dietzenbach.de\/?p=591"},"modified":"2024-07-08T09:35:41","modified_gmt":"2024-07-08T07:35:41","slug":"neues-von-uns","status":"publish","type":"post","link":"http:\/\/pfadfinder-dietzenbach.de\/?p=591","title":{"rendered":"Neues von uns!"},"content":{"rendered":"\n<figure class=\"wp-block-gallery has-nested-images columns-default is-cropped wp-block-gallery-1 is-layout-flex wp-block-gallery-is-layout-flex\">\n<figure class=\"wp-block-image\"><img loading=\"lazy\" decoding=\"async\" width=\"1024\" height=\"576\" data-id=\"582\" src=\"http:\/\/pfadfinder-dietzenbach.de\/wp-content\/uploads\/2019\/11\/361E91CC-7C6C-4296-B321-FDBD15627636-1024x576.jpeg\" alt=\"\" class=\"wp-image-582\" srcset=\"http:\/\/pfadfinder-dietzenbach.de\/wp-content\/uploads\/2019\/11\/361E91CC-7C6C-4296-B321-FDBD15627636-1024x576.jpeg 1024w, http:\/\/pfadfinder-dietzenbach.de\/wp-content\/uploads\/2019\/11\/361E91CC-7C6C-4296-B321-FDBD15627636-300x169.jpeg 300w, http:\/\/pfadfinder-dietzenbach.de\/wp-content\/uploads\/2019\/11\/361E91CC-7C6C-4296-B321-FDBD15627636-768x432.jpeg 768w, http:\/\/pfadfinder-dietzenbach.de\/wp-content\/uploads\/2019\/11\/361E91CC-7C6C-4296-B321-FDBD15627636-750x422.jpeg 750w, http:\/\/pfadfinder-dietzenbach.de\/wp-content\/uploads\/2019\/11\/361E91CC-7C6C-4296-B321-FDBD15627636.jpeg 1600w\" sizes=\"auto, (max-width: 1024px) 100vw, 1024px\"><\/figure>\n\n\n\n<figure class=\"wp-block-image\"><img loading=\"lazy\" decoding=\"async\" width=\"1024\" height=\"576\" data-id=\"583\" src=\"http:\/\/pfadfinder-dietzenbach.de\/wp-content\/uploads\/2019\/11\/0676EABD-83C3-4AD7-99E4-4ED92A7CD8B9-1024x576.jpeg\" alt=\"\" class=\"wp-image-583\" srcset=\"http:\/\/pfadfinder-dietzenbach.de\/wp-content\/uploads\/2019\/11\/0676EABD-83C3-4AD7-99E4-4ED92A7CD8B9-1024x576.jpeg 1024w, http:\/\/pfadfinder-dietzenbach.de\/wp-content\/uploads\/2019\/11\/0676EABD-83C3-4AD7-99E4-4ED92A7CD8B9-300x169.jpeg 300w, http:\/\/pfadfinder-dietzenbach.de\/wp-content\/uploads\/2019\/11\/0676EABD-83C3-4AD7-99E4-4ED92A7CD8B9-768x432.jpeg 768w, http:\/\/pfadfinder-dietzenbach.de\/wp-content\/uploads\/2019\/11\/0676EABD-83C3-4AD7-99E4-4ED92A7CD8B9-750x422.jpeg 750w, http:\/\/pfadfinder-dietzenbach.de\/wp-content\/uploads\/2019\/11\/0676EABD-83C3-4AD7-99E4-4ED92A7CD8B9.jpeg 1600w\" sizes=\"auto, (max-width: 1024px) 100vw, 1024px\"><\/figure>\n<\/figure>\n\n\n\n<p>Im &bdquo;Portal&ldquo; der Gemeinde St. Martin sind mehrere Artikel &uuml;ber uns erschienen. Das Magazin liegt in der Gemeinde zum Mitnehmen aus ????<\/p>\n\n\n\n<p>Ansonsten planen alle Gruppen gerade flei&szlig;ig ihre Weihnachts-Gruppenstunden und die Aktionen im n&auml;chsten Jahr.<\/p>\n\n\n\n<p class=\"has-light-green-cyan-background-color has-background\">Wir sind nat&uuml;rlich auch wieder auf dem Dietzenbacher Weihnachtsmarkt vom 30.11.-1.12.2019 mit unserem Stand vertreten. Wir freuen uns auf Euch! ???<\/p>\n\n\n\n<p>Liebe Gr&uuml;&szlig;e und gut Pfad!<\/p>\n","protected":false},"excerpt":{"rendered":"<p>Im \u201ePortal\u201c der Gemeinde St. Martin sind mehrere Artikel \u00fcber uns erschienen. Das Magazin liegt in der Gemeinde zum Mitnehmen aus ???? Ansonsten planen alle Gruppen gerade flei\u00dfig ihre Weihnachts-Gruppenstunden und die Aktionen im n\u00e4chsten Jahr. Wir sind nat\u00fcrlich auch wieder auf dem Dietzenbacher Weihnachtsmarkt vom 30.11.-1.12.2019 mit unserem Stand vertreten. Wir freuen uns auf&#8230;<\/p>\n","protected":false},"author":1,"featured_media":582,"comment_status":"open","ping_status":"open","sticky":false,"template":"","format":"standard","meta":{"footnotes":""},"categories":[1],"tags":[],"class_list":["post-591","post","type-post","status-publish","format-standard","has-post-thumbnail","hentry","category-news"],"_links":{"self":[{"href":"http:\/\/pfadfinder-dietzenbach.de\/index.php?rest_route=\/wp\/v2\/posts\/591","targetHints":{"allow":["GET"]}}],"collection":[{"href":"http:\/\/pfadfinder-dietzenbach.de\/index.php?rest_route=\/wp\/v2\/posts"}],"about":[{"href":"http:\/\/pfadfinder-dietzenbach.de\/index.php?rest_route=\/wp\/v2\/types\/post"}],"author":[{"embeddable":true,"href":"http:\/\/pfadfinder-dietzenbach.de\/index.php?rest_route=\/wp\/v2\/users\/1"}],"replies":[{"embeddable":true,"href":"http:\/\/pfadfinder-dietzenbach.de\/index.php?rest_route=%2Fwp%2Fv2%2Fcomments&post=591"}],"version-history":[{"count":4,"href":"http:\/\/pfadfinder-dietzenbach.de\/index.php?rest_route=\/wp\/v2\/posts\/591\/revisions"}],"predecessor-version":[{"id":731,"href":"http:\/\/pfadfinder-dietzenbach.de\/index.php?rest_route=\/wp\/v2\/posts\/591\/revisions\/731"}],"wp:featuredmedia":[{"embeddable":true,"href":"http:\/\/pfadfinder-dietzenbach.de\/index.php?rest_route=\/wp\/v2\/media\/582"}],"wp:attachment":[{"href":"http:\/\/pfadfinder-dietzenbach.de\/index.php?rest_route=%2Fwp%2Fv2%2Fmedia&parent=591"}],"wp:term":[{"taxonomy":"category","embeddable":true,"href":"http:\/\/pfadfinder-dietzenbach.de\/index.php?rest_route=%2Fwp%2Fv2%2Fcategories&post=591"},{"taxonomy":"post_tag","embeddable":true,"href":"http:\/\/pfadfinder-dietzenbach.de\/index.php?rest_route=%2Fwp%2Fv2%2Ftags&post=591"}],"curies":[{"name":"wp","href":"https:\/\/api.w.org\/{rel}","templated":true}]}}